{"id":47244,"date":"2020-09-22T12:01:46","date_gmt":"2020-09-22T10:01:46","guid":{"rendered":"https:\/\/gemini.pl\/poradnik\/?p=47244"},"modified":"2025-12-15T13:47:35","modified_gmt":"2025-12-15T12:47:35","slug":"jak-wzmocnic-odpornosc-u-dzieci-czesc-x","status":"publish","type":"post","link":"https:\/\/gemini.pl\/poradnik\/dziecko\/jak-wzmocnic-odpornosc-u-dzieci-czesc-x\/","title":{"rendered":"Jak wzmocni\u0107 odporno\u015b\u0107 u dzieci?"},"content":{"rendered":"\n<p>Pierwszy kontakt dziecka z bakteriami ma miejsce podczas porodu. Od tego momentu nara\u017cenie na mikroorganizmy jest ci\u0105g\u0142e, co wymaga wiele wysi\u0142ku od uk\u0142adu odporno\u015bciowego. Jak zatem zadba\u0107 o odporno\u015b\u0107 u dzieci?<\/p>\n","protected":false},"excerpt":{"rendered":"<p>Pierwszy kontakt dziecka z bakteriami ma miejsce podczas porodu. Od tego momentu nara\u017cenie na mikroorganizmy jest ci\u0105g\u0142e, co wymaga wiele wysi\u0142ku od uk\u0142adu odporno\u015bciowego. Jak zatem zadba\u0107 o odporno\u015b\u0107 u [&hellip;]<\/p>\n","protected":false},"author":90,"featured_media":0,"comment_status":"open","ping_status":"open","sticky":false,"template":"","format":"standard","meta":{"footnotes":""},"categories":[3,1503,1505,589,1492,1687,1474,4],"tags":[699,700,698],"class_list":["post-47244","post","type-post","status-publish","format-standard","hentry","category-dziecko","category-dziecko-parenting","category-dziecko-przedszkolne-i-szkolne","category-odpornosc","category-parenting","category-sposoby-na-odpornosc","category-odpornosc-zdrowie","category-zdrowie","tag-jak-wzmocnic-odpornosc-u-dziecka","tag-odpornosc-dziecka","tag-odpornosc-u-dzieci"],"yoast_head":"<!-- This site is optimized with the Yoast SEO Premium plugin v27.4 (Yoast SEO v27.4) - https:\/\/yoast.com\/product\/yoast-seo-premium-wordpress\/ -->\n<title>Odporno\u015b\u0107 u dzieci \u2013 jak j\u0105 wzmocni\u0107?- Poradnik Apteki Gemini<\/title>\n<meta name=\"description\" content=\"Dzieci s\u0105 grup\u0105 szczeg\u00f3lnie nara\u017con\u0105 na infekcje. Warto zatem wiedzie\u0107, jak zadba\u0107 o odporno\u015b\u0107 u dzieci i co zrobi\u0107, aby j\u0105 wzmocni\u0107.\" \/>\n<meta name=\"robots\" content=\"index, follow, max-snippet:-1, max-image-preview:large, max-video-preview:-1\" \/>\n<link rel=\"canonical\" href=\"https:\/\/gemini.pl\/poradnik\/dziecko\/jak-wzmocnic-odpornosc-u-dzieci-czesc-x\/\" \/>\n<meta property=\"og:locale\" content=\"pl_PL\" \/>\n<meta property=\"og:type\" content=\"article\" \/>\n<meta property=\"og:title\" content=\"Jak wzmocni\u0107 odporno\u015b\u0107 u dzieci?\" \/>\n<meta property=\"og:description\" content=\"Dzieci s\u0105 grup\u0105 szczeg\u00f3lnie nara\u017con\u0105 na infekcje. Warto zatem wiedzie\u0107, jak zadba\u0107 o odporno\u015b\u0107 u dzieci i co zrobi\u0107, aby j\u0105 wzmocni\u0107.\" \/>\n<meta property=\"og:url\" content=\"https:\/\/gemini.pl\/poradnik\/dziecko\/jak-wzmocnic-odpornosc-u-dzieci-czesc-x\/\" \/>\n<meta property=\"og:site_name\" content=\"Poradnik Gemini\" \/>\n<meta property=\"article:publisher\" content=\"https:\/\/www.facebook.com\/apteka.internetowa.gemini\" \/>\n<meta property=\"article:published_time\" content=\"2020-09-22T10:01:46+00:00\" \/>\n<meta property=\"article:modified_time\" content=\"2025-12-15T12:47:35+00:00\" \/>\n<meta property=\"og:image\" content=\"https:\/\/gemini.pl\/poradnik\/wp-content\/uploads\/2018\/01\/w-tre\u015bci1.jpg\" \/>\n\t<meta property=\"og:image:width\" content=\"710\" \/>\n\t<meta property=\"og:image:height\" content=\"457\" \/>\n\t<meta property=\"og:image:type\" content=\"image\/jpeg\" \/>\n<meta name=\"author\" content=\"dr n. med Piotr Niedzia\u0142kowski\" \/>\n<meta name=\"twitter:card\" content=\"summary_large_image\" \/>\n<meta name=\"twitter:label1\" content=\"Napisane przez\" \/>\n\t<meta name=\"twitter:data1\" content=\"dr n. med Piotr Niedzia\u0142kowski\" \/>\n\t<meta name=\"twitter:label2\" content=\"Szacowany czas czytania\" \/>\n\t<meta name=\"twitter:data2\" content=\"1 minuta\" \/>\n<script type=\"application\/ld+json\" class=\"yoast-schema-graph\">{\"@context\":\"https:\\\/\\\/schema.org\",\"@graph\":[{\"@type\":\"Article\",\"@id\":\"https:\\\/\\\/gemini.pl\\\/poradnik\\\/dziecko\\\/jak-wzmocnic-odpornosc-u-dzieci-czesc-x\\\/#article\",\"isPartOf\":{\"@id\":\"https:\\\/\\\/gemini.pl\\\/poradnik\\\/dziecko\\\/jak-wzmocnic-odpornosc-u-dzieci-czesc-x\\\/\"},\"author\":{\"name\":\"dr n. med Piotr Niedzia\u0142kowski\",\"@id\":\"https:\\\/\\\/gemini.pl\\\/poradnik\\\/#\\\/schema\\\/person\\\/07189bd80e69fdbe80f23f7851936ba5\"},\"headline\":\"Jak wzmocni\u0107 odporno\u015b\u0107 u dzieci?\",\"datePublished\":\"2020-09-22T10:01:46+00:00\",\"dateModified\":\"2025-12-15T12:47:35+00:00\",\"mainEntityOfPage\":{\"@id\":\"https:\\\/\\\/gemini.pl\\\/poradnik\\\/dziecko\\\/jak-wzmocnic-odpornosc-u-dzieci-czesc-x\\\/\"},\"wordCount\":42,\"commentCount\":0,\"publisher\":{\"@id\":\"https:\\\/\\\/gemini.pl\\\/poradnik\\\/#organization\"},\"keywords\":[\"Jak wzmocni\u0107 odporno\u015b\u0107 u dziecka\",\"Odporno\u015b\u0107 dziecka\",\"Odporno\u015b\u0107 u dzieci\"],\"articleSection\":[\"Dziecko\",\"Dziecko\",\"Dziecko przedszkolne i szkolne\",\"Odporno\u015b\u0107\",\"Parenting\",\"Sposoby na odporno\u015b\u0107\",\"Uk\u0142ad odporno\u015bciowy\",\"Zdrowie\"],\"inLanguage\":\"pl-PL\",\"potentialAction\":[{\"@type\":\"CommentAction\",\"name\":\"Comment\",\"target\":[\"https:\\\/\\\/gemini.pl\\\/poradnik\\\/dziecko\\\/jak-wzmocnic-odpornosc-u-dzieci-czesc-x\\\/#respond\"]}]},{\"@type\":\"WebPage\",\"@id\":\"https:\\\/\\\/gemini.pl\\\/poradnik\\\/dziecko\\\/jak-wzmocnic-odpornosc-u-dzieci-czesc-x\\\/\",\"url\":\"https:\\\/\\\/gemini.pl\\\/poradnik\\\/dziecko\\\/jak-wzmocnic-odpornosc-u-dzieci-czesc-x\\\/\",\"name\":\"Odporno\u015b\u0107 u dzieci \u2013 jak j\u0105 wzmocni\u0107?- Poradnik Apteki Gemini\",\"isPartOf\":{\"@id\":\"https:\\\/\\\/gemini.pl\\\/poradnik\\\/#website\"},\"datePublished\":\"2020-09-22T10:01:46+00:00\",\"dateModified\":\"2025-12-15T12:47:35+00:00\",\"description\":\"Dzieci s\u0105 grup\u0105 szczeg\u00f3lnie nara\u017con\u0105 na infekcje. Warto zatem wiedzie\u0107, jak zadba\u0107 o odporno\u015b\u0107 u dzieci i co zrobi\u0107, aby j\u0105 wzmocni\u0107.\",\"inLanguage\":\"pl-PL\",\"potentialAction\":[{\"@type\":\"ReadAction\",\"target\":[\"https:\\\/\\\/gemini.pl\\\/poradnik\\\/dziecko\\\/jak-wzmocnic-odpornosc-u-dzieci-czesc-x\\\/\"]}]},[],{\"@type\":\"WebSite\",\"@id\":\"https:\\\/\\\/gemini.pl\\\/poradnik\\\/#website\",\"url\":\"https:\\\/\\\/gemini.pl\\\/poradnik\\\/\",\"name\":\"Poradnik Gemini\",\"description\":\"Poradnik Gemini to blog informacyjno - edukacyjny o tematyce prozdrowotnej tworzony przez wykwalifikowanych specjalist\u00f3w. Pomagamy zadba\u0107 o zdrowie  dzieci, przysz\u0142ych mam, m\u0119\u017cczyzn oraz os\u00f3b starszych. Odpowiadamy tak\u017ce na pytania pacjent\u00f3w.\",\"publisher\":{\"@id\":\"https:\\\/\\\/gemini.pl\\\/poradnik\\\/#organization\"},\"potentialAction\":[{\"@type\":\"SearchAction\",\"target\":{\"@type\":\"EntryPoint\",\"urlTemplate\":\"https:\\\/\\\/gemini.pl\\\/poradnik\\\/?s={search_term_string}\"},\"query-input\":{\"@type\":\"PropertyValueSpecification\",\"valueRequired\":true,\"valueName\":\"search_term_string\"}}],\"inLanguage\":\"pl-PL\"},{\"@type\":\"Organization\",\"@id\":\"https:\\\/\\\/gemini.pl\\\/poradnik\\\/#organization\",\"name\":\"Poradnik Gemini\",\"url\":\"https:\\\/\\\/gemini.pl\\\/poradnik\\\/\",\"logo\":{\"@type\":\"ImageObject\",\"inLanguage\":\"pl-PL\",\"@id\":\"https:\\\/\\\/gemini.pl\\\/poradnik\\\/#\\\/schema\\\/logo\\\/image\\\/\",\"url\":\"https:\\\/\\\/gemini.pl\\\/poradnik\\\/wp-content\\\/uploads\\\/2019\\\/04\\\/poradnik-gemini-logo.jpg\",\"contentUrl\":\"https:\\\/\\\/gemini.pl\\\/poradnik\\\/wp-content\\\/uploads\\\/2019\\\/04\\\/poradnik-gemini-logo.jpg\",\"width\":219,\"height\":51,\"caption\":\"Poradnik Gemini\"},\"image\":{\"@id\":\"https:\\\/\\\/gemini.pl\\\/poradnik\\\/#\\\/schema\\\/logo\\\/image\\\/\"},\"sameAs\":[\"https:\\\/\\\/www.facebook.com\\\/apteka.internetowa.gemini\"]},{\"@type\":\"Person\",\"@id\":\"https:\\\/\\\/gemini.pl\\\/poradnik\\\/#\\\/schema\\\/person\\\/07189bd80e69fdbe80f23f7851936ba5\",\"name\":\"dr n. med Piotr Niedzia\u0142kowski\",\"description\":\"Specjalista chor\u00f3b wewn\u0119trznych i alergologii. Dyplomowany lekarz medycyny estetycznej. Absolwent Wydzia\u0142u Lekarskiego Wojskowej Akademii Medycznej w \u0141odzi oraz Studi\u00f3w Podyplomowych z zakresu medycyny estetycznej Warszawskiego Uniwersytetu Medycznego. Cz\u0142onek Polskiego Towarzystwa Alergologicznego i francuskiego stowarzyszenia medycyny prewencyjnej MEDIPREVENT. Dr Niedzia\u0142kowski jest prezesem Polskiego Towarzystwa Lekarzy Medycyny Estetycznej \\\"POLME\\\". Organizuje konferencje naukowe i szkolenia z zakresu zdrowia, medycyny estetycznej i przeciwstarzeniowej. Do\u015bwiadczenie medyczne uzyska\u0142 w Klinice Chor\u00f3b Wewn\u0119trznych, Pneumonologii i Alergologii oraz w Zak\u0142adzie Immunologii i Alergologii Klinicznej Wojskowego Instytutu Medycznego w Warszawie. Od kilku lat regularnie uczestniczy w spotkaniach naukowych lekarzy polskich i francuskich, zajmuj\u0105cych si\u0119 mikrood\u017cywianiem, popraw\u0105 stanu mikrobioty jelitowej, a tym samym odporno\u015bci. Zawodowo dr Niedzia\u0142kowski jest w\u0142a\u015bcicielem Centrum Estetyki Medycznej (CEM) \u2013 wyj\u0105tkowego miejsca, gdzie w spos\u00f3b nowatorski po\u0142\u0105czono dbanie o zdrowie (czyli estetyk\u0119 wewn\u0119trzn\u0105) z popraw\u0105 stanu sk\u00f3ry (estetyka zewn\u0119trzna). W CEM opiek\u0105 obj\u0119ci s\u0105 pacjenci zdrowi oraz ci z powa\u017cnymi chorobami przewlek\u0142ymi (dzieci, doro\u015bli, sportowcy, trenerzy). Dr Niedzia\u0142kowski osi\u0105ga spektakularne efekty terapeutyczne dzi\u0119ki ca\u0142o\u015bciowemu podej\u015bciu do organizmu cz\u0142owieka. Celem jego pracy jest przywr\u00f3cenie sprawno\u015bci zdrowotnej, leczenie przyczyn, a nie tylko skutk\u00f3w choroby, a w efekcie poprawa dobrego samopoczucia i rado\u015bci z \u017cycia pacjent\u00f3w.\",\"url\":\"https:\\\/\\\/gemini.pl\\\/poradnik\\\/autor\\\/piotr-niedzialkowski\\\/\"}]}<\/script>\n<!-- \/ Yoast SEO Premium plugin. -->","yoast_head_json":{"title":"Odporno\u015b\u0107 u dzieci \u2013 jak j\u0105 wzmocni\u0107?- Poradnik Apteki Gemini","description":"Dzieci s\u0105 grup\u0105 szczeg\u00f3lnie nara\u017con\u0105 na infekcje. Warto zatem wiedzie\u0107, jak zadba\u0107 o odporno\u015b\u0107 u dzieci i co zrobi\u0107, aby j\u0105 wzmocni\u0107.","robots":{"index":"index","follow":"follow","max-snippet":"max-snippet:-1","max-image-preview":"max-image-preview:large","max-video-preview":"max-video-preview:-1"},"canonical":"https:\/\/gemini.pl\/poradnik\/dziecko\/jak-wzmocnic-odpornosc-u-dzieci-czesc-x\/","og_locale":"pl_PL","og_type":"article","og_title":"Jak wzmocni\u0107 odporno\u015b\u0107 u dzieci?","og_description":"Dzieci s\u0105 grup\u0105 szczeg\u00f3lnie nara\u017con\u0105 na infekcje. Warto zatem wiedzie\u0107, jak zadba\u0107 o odporno\u015b\u0107 u dzieci i co zrobi\u0107, aby j\u0105 wzmocni\u0107.","og_url":"https:\/\/gemini.pl\/poradnik\/dziecko\/jak-wzmocnic-odpornosc-u-dzieci-czesc-x\/","og_site_name":"Poradnik Gemini","article_publisher":"https:\/\/www.facebook.com\/apteka.internetowa.gemini","article_published_time":"2020-09-22T10:01:46+00:00","article_modified_time":"2025-12-15T12:47:35+00:00","og_image":[{"width":710,"height":457,"url":"https:\/\/gemini.pl\/poradnik\/wp-content\/uploads\/2018\/01\/w-tre\u015bci1.jpg","type":"image\/jpeg"}],"author":"dr n. med Piotr Niedzia\u0142kowski","twitter_card":"summary_large_image","twitter_misc":{"Napisane przez":"dr n. med Piotr Niedzia\u0142kowski","Szacowany czas czytania":"1 minuta"},"schema":{"@context":"https:\/\/schema.org","@graph":[{"@type":"Article","@id":"https:\/\/gemini.pl\/poradnik\/dziecko\/jak-wzmocnic-odpornosc-u-dzieci-czesc-x\/#article","isPartOf":{"@id":"https:\/\/gemini.pl\/poradnik\/dziecko\/jak-wzmocnic-odpornosc-u-dzieci-czesc-x\/"},"author":{"name":"dr n. med Piotr Niedzia\u0142kowski","@id":"https:\/\/gemini.pl\/poradnik\/#\/schema\/person\/07189bd80e69fdbe80f23f7851936ba5"},"headline":"Jak wzmocni\u0107 odporno\u015b\u0107 u dzieci?","datePublished":"2020-09-22T10:01:46+00:00","dateModified":"2025-12-15T12:47:35+00:00","mainEntityOfPage":{"@id":"https:\/\/gemini.pl\/poradnik\/dziecko\/jak-wzmocnic-odpornosc-u-dzieci-czesc-x\/"},"wordCount":42,"commentCount":0,"publisher":{"@id":"https:\/\/gemini.pl\/poradnik\/#organization"},"keywords":["Jak wzmocni\u0107 odporno\u015b\u0107 u dziecka","Odporno\u015b\u0107 dziecka","Odporno\u015b\u0107 u dzieci"],"articleSection":["Dziecko","Dziecko","Dziecko przedszkolne i szkolne","Odporno\u015b\u0107","Parenting","Sposoby na odporno\u015b\u0107","Uk\u0142ad odporno\u015bciowy","Zdrowie"],"inLanguage":"pl-PL","potentialAction":[{"@type":"CommentAction","name":"Comment","target":["https:\/\/gemini.pl\/poradnik\/dziecko\/jak-wzmocnic-odpornosc-u-dzieci-czesc-x\/#respond"]}]},{"@type":"WebPage","@id":"https:\/\/gemini.pl\/poradnik\/dziecko\/jak-wzmocnic-odpornosc-u-dzieci-czesc-x\/","url":"https:\/\/gemini.pl\/poradnik\/dziecko\/jak-wzmocnic-odpornosc-u-dzieci-czesc-x\/","name":"Odporno\u015b\u0107 u dzieci \u2013 jak j\u0105 wzmocni\u0107?- Poradnik Apteki Gemini","isPartOf":{"@id":"https:\/\/gemini.pl\/poradnik\/#website"},"datePublished":"2020-09-22T10:01:46+00:00","dateModified":"2025-12-15T12:47:35+00:00","description":"Dzieci s\u0105 grup\u0105 szczeg\u00f3lnie nara\u017con\u0105 na infekcje. Warto zatem wiedzie\u0107, jak zadba\u0107 o odporno\u015b\u0107 u dzieci i co zrobi\u0107, aby j\u0105 wzmocni\u0107.","inLanguage":"pl-PL","potentialAction":[{"@type":"ReadAction","target":["https:\/\/gemini.pl\/poradnik\/dziecko\/jak-wzmocnic-odpornosc-u-dzieci-czesc-x\/"]}]},[],{"@type":"WebSite","@id":"https:\/\/gemini.pl\/poradnik\/#website","url":"https:\/\/gemini.pl\/poradnik\/","name":"Poradnik Gemini","description":"Poradnik Gemini to blog informacyjno - edukacyjny o tematyce prozdrowotnej tworzony przez wykwalifikowanych specjalist\u00f3w. Pomagamy zadba\u0107 o zdrowie  dzieci, przysz\u0142ych mam, m\u0119\u017cczyzn oraz os\u00f3b starszych. Odpowiadamy tak\u017ce na pytania pacjent\u00f3w.","publisher":{"@id":"https:\/\/gemini.pl\/poradnik\/#organization"},"potentialAction":[{"@type":"SearchAction","target":{"@type":"EntryPoint","urlTemplate":"https:\/\/gemini.pl\/poradnik\/?s={search_term_string}"},"query-input":{"@type":"PropertyValueSpecification","valueRequired":true,"valueName":"search_term_string"}}],"inLanguage":"pl-PL"},{"@type":"Organization","@id":"https:\/\/gemini.pl\/poradnik\/#organization","name":"Poradnik Gemini","url":"https:\/\/gemini.pl\/poradnik\/","logo":{"@type":"ImageObject","inLanguage":"pl-PL","@id":"https:\/\/gemini.pl\/poradnik\/#\/schema\/logo\/image\/","url":"https:\/\/gemini.pl\/poradnik\/wp-content\/uploads\/2019\/04\/poradnik-gemini-logo.jpg","contentUrl":"https:\/\/gemini.pl\/poradnik\/wp-content\/uploads\/2019\/04\/poradnik-gemini-logo.jpg","width":219,"height":51,"caption":"Poradnik Gemini"},"image":{"@id":"https:\/\/gemini.pl\/poradnik\/#\/schema\/logo\/image\/"},"sameAs":["https:\/\/www.facebook.com\/apteka.internetowa.gemini"]},{"@type":"Person","@id":"https:\/\/gemini.pl\/poradnik\/#\/schema\/person\/07189bd80e69fdbe80f23f7851936ba5","name":"dr n. med Piotr Niedzia\u0142kowski","description":"Specjalista chor\u00f3b wewn\u0119trznych i alergologii. Dyplomowany lekarz medycyny estetycznej. Absolwent Wydzia\u0142u Lekarskiego Wojskowej Akademii Medycznej w \u0141odzi oraz Studi\u00f3w Podyplomowych z zakresu medycyny estetycznej Warszawskiego Uniwersytetu Medycznego. Cz\u0142onek Polskiego Towarzystwa Alergologicznego i francuskiego stowarzyszenia medycyny prewencyjnej MEDIPREVENT. Dr Niedzia\u0142kowski jest prezesem Polskiego Towarzystwa Lekarzy Medycyny Estetycznej \"POLME\". Organizuje konferencje naukowe i szkolenia z zakresu zdrowia, medycyny estetycznej i przeciwstarzeniowej. Do\u015bwiadczenie medyczne uzyska\u0142 w Klinice Chor\u00f3b Wewn\u0119trznych, Pneumonologii i Alergologii oraz w Zak\u0142adzie Immunologii i Alergologii Klinicznej Wojskowego Instytutu Medycznego w Warszawie. Od kilku lat regularnie uczestniczy w spotkaniach naukowych lekarzy polskich i francuskich, zajmuj\u0105cych si\u0119 mikrood\u017cywianiem, popraw\u0105 stanu mikrobioty jelitowej, a tym samym odporno\u015bci. Zawodowo dr Niedzia\u0142kowski jest w\u0142a\u015bcicielem Centrum Estetyki Medycznej (CEM) \u2013 wyj\u0105tkowego miejsca, gdzie w spos\u00f3b nowatorski po\u0142\u0105czono dbanie o zdrowie (czyli estetyk\u0119 wewn\u0119trzn\u0105) z popraw\u0105 stanu sk\u00f3ry (estetyka zewn\u0119trzna). W CEM opiek\u0105 obj\u0119ci s\u0105 pacjenci zdrowi oraz ci z powa\u017cnymi chorobami przewlek\u0142ymi (dzieci, doro\u015bli, sportowcy, trenerzy). Dr Niedzia\u0142kowski osi\u0105ga spektakularne efekty terapeutyczne dzi\u0119ki ca\u0142o\u015bciowemu podej\u015bciu do organizmu cz\u0142owieka. Celem jego pracy jest przywr\u00f3cenie sprawno\u015bci zdrowotnej, leczenie przyczyn, a nie tylko skutk\u00f3w choroby, a w efekcie poprawa dobrego samopoczucia i rado\u015bci z \u017cycia pacjent\u00f3w.","url":"https:\/\/gemini.pl\/poradnik\/autor\/piotr-niedzialkowski\/"}]}},"_links":{"self":[{"href":"https:\/\/gemini.pl\/poradnik\/wp-json\/wp\/v2\/posts\/47244","targetHints":{"allow":["GET"]}}],"collection":[{"href":"https:\/\/gemini.pl\/poradnik\/wp-json\/wp\/v2\/posts"}],"about":[{"href":"https:\/\/gemini.pl\/poradnik\/wp-json\/wp\/v2\/types\/post"}],"author":[{"embeddable":true,"href":"https:\/\/gemini.pl\/poradnik\/wp-json\/wp\/v2\/users\/90"}],"replies":[{"embeddable":true,"href":"https:\/\/gemini.pl\/poradnik\/wp-json\/wp\/v2\/comments?post=47244"}],"version-history":[{"count":58,"href":"https:\/\/gemini.pl\/poradnik\/wp-json\/wp\/v2\/posts\/47244\/revisions"}],"predecessor-version":[{"id":136789,"href":"https:\/\/gemini.pl\/poradnik\/wp-json\/wp\/v2\/posts\/47244\/revisions\/136789"}],"wp:attachment":[{"href":"https:\/\/gemini.pl\/poradnik\/wp-json\/wp\/v2\/media?parent=47244"}],"wp:term":[{"taxonomy":"category","embeddable":true,"href":"https:\/\/gemini.pl\/poradnik\/wp-json\/wp\/v2\/categories?post=47244"},{"taxonomy":"post_tag","embeddable":true,"href":"https:\/\/gemini.pl\/poradnik\/wp-json\/wp\/v2\/tags?post=47244"}],"curies":[{"name":"wp","href":"https:\/\/api.w.org\/{rel}","templated":true}]}}