{"id":50250,"date":"2020-11-26T11:08:17","date_gmt":"2020-11-26T10:08:17","guid":{"rendered":"https:\/\/gemini.pl\/poradnik\/?p=50250"},"modified":"2021-06-14T10:06:49","modified_gmt":"2021-06-14T08:06:49","slug":"problemy-z-glosem-czy-sa-powodem-do-niepokoju","status":"publish","type":"post","link":"https:\/\/gemini.pl\/poradnik\/zdrowie\/problemy-z-glosem-czy-sa-powodem-do-niepokoju\/","title":{"rendered":"Problemy z g\u0142osem \u2013 czy s\u0105 powodem do niepokoju?"},"content":{"rendered":"\n<p><span style=\"font-weight: 400;\">G\u0142os cz\u0142owieka jest cech\u0105 osobnicz\u0105, zale\u017cn\u0105 od stanu emocjonalnego, cech osobowo\u015bci, a tak\u017ce od \u015brodowiska, w kt\u00f3rym \u017cyje dana osoba. Umo\u017cliwia on proces komunikacji i przyczynia si\u0119 do prawid\u0142owego funkcjonowania w spo\u0142ecze\u0144stwie. A co w sytuacji, gdy g\u0142os nas zawodzi?&nbsp;<\/span><\/p>\n","protected":false},"excerpt":{"rendered":"<p>G\u0142os cz\u0142owieka jest cech\u0105 osobnicz\u0105, zale\u017cn\u0105 od stanu emocjonalnego, cech osobowo\u015bci, a tak\u017ce od \u015brodowiska, w kt\u00f3rym \u017cyje dana osoba. Umo\u017cliwia on proces komunikacji i przyczynia si\u0119 do prawid\u0142owego funkcjonowania [&hellip;]<\/p>\n","protected":false},"author":47,"featured_media":0,"comment_status":"open","ping_status":"open","sticky":false,"template":"","format":"standard","meta":{"footnotes":""},"categories":[1462,4],"tags":[96,1416],"class_list":["post-50250","post","type-post","status-publish","format-standard","hentry","category-laryngologia","category-zdrowie","tag-kaszel","tag-mowa"],"yoast_head":"<!-- This site is optimized with the Yoast SEO Premium plugin v27.4 (Yoast SEO v27.4) - https:\/\/yoast.com\/product\/yoast-seo-premium-wordpress\/ -->\n<title>Problemy z g\u0142osem \u2013 o jakich chorobach mog\u0105 \u015bwiadczy\u0107?<\/title>\n<meta name=\"description\" content=\"Problemy z g\u0142osem mog\u0105 by\u0107 objawem wielu chor\u00f3b. Przy d\u0142ugo utrzymuj\u0105cej si\u0119 chrypie czy zmianie barwy g\u0142osu warto zg\u0142osi\u0107 si\u0119 do foniatry.\" \/>\n<meta name=\"robots\" content=\"index, follow, max-snippet:-1, max-image-preview:large, max-video-preview:-1\" \/>\n<link rel=\"canonical\" href=\"https:\/\/gemini.pl\/poradnik\/zdrowie\/problemy-z-glosem-czy-sa-powodem-do-niepokoju\/\" \/>\n<meta property=\"og:locale\" content=\"pl_PL\" \/>\n<meta property=\"og:type\" content=\"article\" \/>\n<meta property=\"og:title\" content=\"Problemy z g\u0142osem \u2013 czy s\u0105 powodem do niepokoju?\" \/>\n<meta property=\"og:description\" content=\"Problemy z g\u0142osem mog\u0105 by\u0107 objawem wielu chor\u00f3b. Przy d\u0142ugo utrzymuj\u0105cej si\u0119 chrypie czy zmianie barwy g\u0142osu warto zg\u0142osi\u0107 si\u0119 do foniatry.\" \/>\n<meta property=\"og:url\" content=\"https:\/\/gemini.pl\/poradnik\/zdrowie\/problemy-z-glosem-czy-sa-powodem-do-niepokoju\/\" \/>\n<meta property=\"og:site_name\" content=\"Poradnik Gemini\" \/>\n<meta property=\"article:publisher\" content=\"https:\/\/www.facebook.com\/apteka.internetowa.gemini\" \/>\n<meta property=\"article:published_time\" content=\"2020-11-26T10:08:17+00:00\" \/>\n<meta property=\"article:modified_time\" content=\"2021-06-14T08:06:49+00:00\" \/>\n<meta property=\"og:image\" content=\"https:\/\/gemini.pl\/poradnik\/wp-content\/uploads\/2018\/01\/w-tre\u015bci1.jpg\" \/>\n\t<meta property=\"og:image:width\" content=\"710\" \/>\n\t<meta property=\"og:image:height\" content=\"457\" \/>\n\t<meta property=\"og:image:type\" content=\"image\/jpeg\" \/>\n<meta name=\"author\" content=\"mgr Katarzyna Ja\u015bkiewicz\" \/>\n<meta name=\"twitter:card\" content=\"summary_large_image\" \/>\n<meta name=\"twitter:label1\" content=\"Napisane przez\" \/>\n\t<meta name=\"twitter:data1\" content=\"mgr Katarzyna Ja\u015bkiewicz\" \/>\n<script type=\"application\/ld+json\" class=\"yoast-schema-graph\">{\"@context\":\"https:\\\/\\\/schema.org\",\"@graph\":[{\"@type\":\"Article\",\"@id\":\"https:\\\/\\\/gemini.pl\\\/poradnik\\\/zdrowie\\\/problemy-z-glosem-czy-sa-powodem-do-niepokoju\\\/#article\",\"isPartOf\":{\"@id\":\"https:\\\/\\\/gemini.pl\\\/poradnik\\\/zdrowie\\\/problemy-z-glosem-czy-sa-powodem-do-niepokoju\\\/\"},\"author\":{\"name\":\"mgr Katarzyna Ja\u015bkiewicz\",\"@id\":\"https:\\\/\\\/gemini.pl\\\/poradnik\\\/#\\\/schema\\\/person\\\/af8f287ebd938037b8897dd014600ad4\"},\"headline\":\"Problemy z g\u0142osem \u2013 czy s\u0105 powodem do niepokoju?\",\"datePublished\":\"2020-11-26T10:08:17+00:00\",\"dateModified\":\"2021-06-14T08:06:49+00:00\",\"mainEntityOfPage\":{\"@id\":\"https:\\\/\\\/gemini.pl\\\/poradnik\\\/zdrowie\\\/problemy-z-glosem-czy-sa-powodem-do-niepokoju\\\/\"},\"wordCount\":61,\"commentCount\":0,\"publisher\":{\"@id\":\"https:\\\/\\\/gemini.pl\\\/poradnik\\\/#organization\"},\"keywords\":[\"Kaszel\",\"Mowa\"],\"articleSection\":[\"Laryngologia\",\"Zdrowie\"],\"inLanguage\":\"pl-PL\",\"potentialAction\":[{\"@type\":\"CommentAction\",\"name\":\"Comment\",\"target\":[\"https:\\\/\\\/gemini.pl\\\/poradnik\\\/zdrowie\\\/problemy-z-glosem-czy-sa-powodem-do-niepokoju\\\/#respond\"]}]},{\"@type\":\"WebPage\",\"@id\":\"https:\\\/\\\/gemini.pl\\\/poradnik\\\/zdrowie\\\/problemy-z-glosem-czy-sa-powodem-do-niepokoju\\\/\",\"url\":\"https:\\\/\\\/gemini.pl\\\/poradnik\\\/zdrowie\\\/problemy-z-glosem-czy-sa-powodem-do-niepokoju\\\/\",\"name\":\"Problemy z g\u0142osem \u2013 o jakich chorobach mog\u0105 \u015bwiadczy\u0107?\",\"isPartOf\":{\"@id\":\"https:\\\/\\\/gemini.pl\\\/poradnik\\\/#website\"},\"datePublished\":\"2020-11-26T10:08:17+00:00\",\"dateModified\":\"2021-06-14T08:06:49+00:00\",\"description\":\"Problemy z g\u0142osem mog\u0105 by\u0107 objawem wielu chor\u00f3b. Przy d\u0142ugo utrzymuj\u0105cej si\u0119 chrypie czy zmianie barwy g\u0142osu warto zg\u0142osi\u0107 si\u0119 do foniatry.\",\"inLanguage\":\"pl-PL\",\"potentialAction\":[{\"@type\":\"ReadAction\",\"target\":[\"https:\\\/\\\/gemini.pl\\\/poradnik\\\/zdrowie\\\/problemy-z-glosem-czy-sa-powodem-do-niepokoju\\\/\"]}]},[],{\"@type\":\"WebSite\",\"@id\":\"https:\\\/\\\/gemini.pl\\\/poradnik\\\/#website\",\"url\":\"https:\\\/\\\/gemini.pl\\\/poradnik\\\/\",\"name\":\"Poradnik Gemini\",\"description\":\"Poradnik Gemini to blog informacyjno - edukacyjny o tematyce prozdrowotnej tworzony przez wykwalifikowanych specjalist\u00f3w. Pomagamy zadba\u0107 o zdrowie  dzieci, przysz\u0142ych mam, m\u0119\u017cczyzn oraz os\u00f3b starszych. Odpowiadamy tak\u017ce na pytania pacjent\u00f3w.\",\"publisher\":{\"@id\":\"https:\\\/\\\/gemini.pl\\\/poradnik\\\/#organization\"},\"potentialAction\":[{\"@type\":\"SearchAction\",\"target\":{\"@type\":\"EntryPoint\",\"urlTemplate\":\"https:\\\/\\\/gemini.pl\\\/poradnik\\\/?s={search_term_string}\"},\"query-input\":{\"@type\":\"PropertyValueSpecification\",\"valueRequired\":true,\"valueName\":\"search_term_string\"}}],\"inLanguage\":\"pl-PL\"},{\"@type\":\"Organization\",\"@id\":\"https:\\\/\\\/gemini.pl\\\/poradnik\\\/#organization\",\"name\":\"Poradnik Gemini\",\"url\":\"https:\\\/\\\/gemini.pl\\\/poradnik\\\/\",\"logo\":{\"@type\":\"ImageObject\",\"inLanguage\":\"pl-PL\",\"@id\":\"https:\\\/\\\/gemini.pl\\\/poradnik\\\/#\\\/schema\\\/logo\\\/image\\\/\",\"url\":\"https:\\\/\\\/gemini.pl\\\/poradnik\\\/wp-content\\\/uploads\\\/2019\\\/04\\\/poradnik-gemini-logo.jpg\",\"contentUrl\":\"https:\\\/\\\/gemini.pl\\\/poradnik\\\/wp-content\\\/uploads\\\/2019\\\/04\\\/poradnik-gemini-logo.jpg\",\"width\":219,\"height\":51,\"caption\":\"Poradnik Gemini\"},\"image\":{\"@id\":\"https:\\\/\\\/gemini.pl\\\/poradnik\\\/#\\\/schema\\\/logo\\\/image\\\/\"},\"sameAs\":[\"https:\\\/\\\/www.facebook.com\\\/apteka.internetowa.gemini\"]},{\"@type\":\"Person\",\"@id\":\"https:\\\/\\\/gemini.pl\\\/poradnik\\\/#\\\/schema\\\/person\\\/af8f287ebd938037b8897dd014600ad4\",\"name\":\"mgr Katarzyna Ja\u015bkiewicz\",\"description\":\"Logopeda, absolwentka neurologopedii na Uniwersytecie Gda\u0144skim oraz studi\u00f3w podyplomowych z oligofrenopedagogiki. Obecnie pracuje zar\u00f3wno z dzie\u0107mi zdrowymi, jak i z niepe\u0142nosprawno\u015bci\u0105 intelektualn\u0105 w stopniu g\u0142\u0119bokim. W wolnym czasie uwielbia czyta\u0107 ksi\u0105\u017cki, sp\u0119dza\u0107 czas na \u015bwie\u017cym powietrzu, podr\u00f3\u017cowa\u0107 oraz zdobi\u0107 przedmioty metod\u0105 decoupage.\",\"url\":\"https:\\\/\\\/gemini.pl\\\/poradnik\\\/autor\\\/katarzyna-jaskiewicz\\\/\"}]}<\/script>\n<!-- \/ Yoast SEO Premium plugin. -->","yoast_head_json":{"title":"Problemy z g\u0142osem \u2013 o jakich chorobach mog\u0105 \u015bwiadczy\u0107?","description":"Problemy z g\u0142osem mog\u0105 by\u0107 objawem wielu chor\u00f3b. Przy d\u0142ugo utrzymuj\u0105cej si\u0119 chrypie czy zmianie barwy g\u0142osu warto zg\u0142osi\u0107 si\u0119 do foniatry.","robots":{"index":"index","follow":"follow","max-snippet":"max-snippet:-1","max-image-preview":"max-image-preview:large","max-video-preview":"max-video-preview:-1"},"canonical":"https:\/\/gemini.pl\/poradnik\/zdrowie\/problemy-z-glosem-czy-sa-powodem-do-niepokoju\/","og_locale":"pl_PL","og_type":"article","og_title":"Problemy z g\u0142osem \u2013 czy s\u0105 powodem do niepokoju?","og_description":"Problemy z g\u0142osem mog\u0105 by\u0107 objawem wielu chor\u00f3b. Przy d\u0142ugo utrzymuj\u0105cej si\u0119 chrypie czy zmianie barwy g\u0142osu warto zg\u0142osi\u0107 si\u0119 do foniatry.","og_url":"https:\/\/gemini.pl\/poradnik\/zdrowie\/problemy-z-glosem-czy-sa-powodem-do-niepokoju\/","og_site_name":"Poradnik Gemini","article_publisher":"https:\/\/www.facebook.com\/apteka.internetowa.gemini","article_published_time":"2020-11-26T10:08:17+00:00","article_modified_time":"2021-06-14T08:06:49+00:00","og_image":[{"width":710,"height":457,"url":"https:\/\/gemini.pl\/poradnik\/wp-content\/uploads\/2018\/01\/w-tre\u015bci1.jpg","type":"image\/jpeg"}],"author":"mgr Katarzyna Ja\u015bkiewicz","twitter_card":"summary_large_image","twitter_misc":{"Napisane przez":"mgr Katarzyna Ja\u015bkiewicz"},"schema":{"@context":"https:\/\/schema.org","@graph":[{"@type":"Article","@id":"https:\/\/gemini.pl\/poradnik\/zdrowie\/problemy-z-glosem-czy-sa-powodem-do-niepokoju\/#article","isPartOf":{"@id":"https:\/\/gemini.pl\/poradnik\/zdrowie\/problemy-z-glosem-czy-sa-powodem-do-niepokoju\/"},"author":{"name":"mgr Katarzyna Ja\u015bkiewicz","@id":"https:\/\/gemini.pl\/poradnik\/#\/schema\/person\/af8f287ebd938037b8897dd014600ad4"},"headline":"Problemy z g\u0142osem \u2013 czy s\u0105 powodem do niepokoju?","datePublished":"2020-11-26T10:08:17+00:00","dateModified":"2021-06-14T08:06:49+00:00","mainEntityOfPage":{"@id":"https:\/\/gemini.pl\/poradnik\/zdrowie\/problemy-z-glosem-czy-sa-powodem-do-niepokoju\/"},"wordCount":61,"commentCount":0,"publisher":{"@id":"https:\/\/gemini.pl\/poradnik\/#organization"},"keywords":["Kaszel","Mowa"],"articleSection":["Laryngologia","Zdrowie"],"inLanguage":"pl-PL","potentialAction":[{"@type":"CommentAction","name":"Comment","target":["https:\/\/gemini.pl\/poradnik\/zdrowie\/problemy-z-glosem-czy-sa-powodem-do-niepokoju\/#respond"]}]},{"@type":"WebPage","@id":"https:\/\/gemini.pl\/poradnik\/zdrowie\/problemy-z-glosem-czy-sa-powodem-do-niepokoju\/","url":"https:\/\/gemini.pl\/poradnik\/zdrowie\/problemy-z-glosem-czy-sa-powodem-do-niepokoju\/","name":"Problemy z g\u0142osem \u2013 o jakich chorobach mog\u0105 \u015bwiadczy\u0107?","isPartOf":{"@id":"https:\/\/gemini.pl\/poradnik\/#website"},"datePublished":"2020-11-26T10:08:17+00:00","dateModified":"2021-06-14T08:06:49+00:00","description":"Problemy z g\u0142osem mog\u0105 by\u0107 objawem wielu chor\u00f3b. Przy d\u0142ugo utrzymuj\u0105cej si\u0119 chrypie czy zmianie barwy g\u0142osu warto zg\u0142osi\u0107 si\u0119 do foniatry.","inLanguage":"pl-PL","potentialAction":[{"@type":"ReadAction","target":["https:\/\/gemini.pl\/poradnik\/zdrowie\/problemy-z-glosem-czy-sa-powodem-do-niepokoju\/"]}]},[],{"@type":"WebSite","@id":"https:\/\/gemini.pl\/poradnik\/#website","url":"https:\/\/gemini.pl\/poradnik\/","name":"Poradnik Gemini","description":"Poradnik Gemini to blog informacyjno - edukacyjny o tematyce prozdrowotnej tworzony przez wykwalifikowanych specjalist\u00f3w. Pomagamy zadba\u0107 o zdrowie  dzieci, przysz\u0142ych mam, m\u0119\u017cczyzn oraz os\u00f3b starszych. Odpowiadamy tak\u017ce na pytania pacjent\u00f3w.","publisher":{"@id":"https:\/\/gemini.pl\/poradnik\/#organization"},"potentialAction":[{"@type":"SearchAction","target":{"@type":"EntryPoint","urlTemplate":"https:\/\/gemini.pl\/poradnik\/?s={search_term_string}"},"query-input":{"@type":"PropertyValueSpecification","valueRequired":true,"valueName":"search_term_string"}}],"inLanguage":"pl-PL"},{"@type":"Organization","@id":"https:\/\/gemini.pl\/poradnik\/#organization","name":"Poradnik Gemini","url":"https:\/\/gemini.pl\/poradnik\/","logo":{"@type":"ImageObject","inLanguage":"pl-PL","@id":"https:\/\/gemini.pl\/poradnik\/#\/schema\/logo\/image\/","url":"https:\/\/gemini.pl\/poradnik\/wp-content\/uploads\/2019\/04\/poradnik-gemini-logo.jpg","contentUrl":"https:\/\/gemini.pl\/poradnik\/wp-content\/uploads\/2019\/04\/poradnik-gemini-logo.jpg","width":219,"height":51,"caption":"Poradnik Gemini"},"image":{"@id":"https:\/\/gemini.pl\/poradnik\/#\/schema\/logo\/image\/"},"sameAs":["https:\/\/www.facebook.com\/apteka.internetowa.gemini"]},{"@type":"Person","@id":"https:\/\/gemini.pl\/poradnik\/#\/schema\/person\/af8f287ebd938037b8897dd014600ad4","name":"mgr Katarzyna Ja\u015bkiewicz","description":"Logopeda, absolwentka neurologopedii na Uniwersytecie Gda\u0144skim oraz studi\u00f3w podyplomowych z oligofrenopedagogiki. Obecnie pracuje zar\u00f3wno z dzie\u0107mi zdrowymi, jak i z niepe\u0142nosprawno\u015bci\u0105 intelektualn\u0105 w stopniu g\u0142\u0119bokim. W wolnym czasie uwielbia czyta\u0107 ksi\u0105\u017cki, sp\u0119dza\u0107 czas na \u015bwie\u017cym powietrzu, podr\u00f3\u017cowa\u0107 oraz zdobi\u0107 przedmioty metod\u0105 decoupage.","url":"https:\/\/gemini.pl\/poradnik\/autor\/katarzyna-jaskiewicz\/"}]}},"_links":{"self":[{"href":"https:\/\/gemini.pl\/poradnik\/wp-json\/wp\/v2\/posts\/50250","targetHints":{"allow":["GET"]}}],"collection":[{"href":"https:\/\/gemini.pl\/poradnik\/wp-json\/wp\/v2\/posts"}],"about":[{"href":"https:\/\/gemini.pl\/poradnik\/wp-json\/wp\/v2\/types\/post"}],"author":[{"embeddable":true,"href":"https:\/\/gemini.pl\/poradnik\/wp-json\/wp\/v2\/users\/47"}],"replies":[{"embeddable":true,"href":"https:\/\/gemini.pl\/poradnik\/wp-json\/wp\/v2\/comments?post=50250"}],"version-history":[{"count":11,"href":"https:\/\/gemini.pl\/poradnik\/wp-json\/wp\/v2\/posts\/50250\/revisions"}],"predecessor-version":[{"id":50793,"href":"https:\/\/gemini.pl\/poradnik\/wp-json\/wp\/v2\/posts\/50250\/revisions\/50793"}],"wp:attachment":[{"href":"https:\/\/gemini.pl\/poradnik\/wp-json\/wp\/v2\/media?parent=50250"}],"wp:term":[{"taxonomy":"category","embeddable":true,"href":"https:\/\/gemini.pl\/poradnik\/wp-json\/wp\/v2\/categories?post=50250"},{"taxonomy":"post_tag","embeddable":true,"href":"https:\/\/gemini.pl\/poradnik\/wp-json\/wp\/v2\/tags?post=50250"}],"curies":[{"name":"wp","href":"https:\/\/api.w.org\/{rel}","templated":true}]}}